{"id":1960,"date":"2021-10-10T08:00:29","date_gmt":"2021-10-10T06:00:29","guid":{"rendered":"https:\/\/www.marienthal-ruheforst.de\/2021\/10\/10\/herbstidylle-im-ruheforst-marienthal\/"},"modified":"2026-02-03T11:03:46","modified_gmt":"2026-02-03T10:03:46","slug":"herbstidylle-im-ruheforst-marienthal","status":"publish","type":"post","link":"https:\/\/www.ruheforst-deutschland.de\/marienthal\/2021\/10\/10\/herbstidylle-im-ruheforst-marienthal\/","title":{"rendered":"Herbstidylle im RuheForst Marienthal"},"content":{"rendered":"<p>Selten wird der Lebenszyklus vom Werden und Vergehen deutlicher als zur Herbstzeit. Bl\u00e4tter verf\u00e4rben sich, fallen von den B\u00e4umen und schaffen dadurch Platz f\u00fcr frische, neue Triebe im anstehenden Fr\u00fchling \u2013 so ist der Kreislauf des Lebens im Wald f\u00fcr den Menschen zu dieser Jahreszeit besonders deutlich wahrzunehmen.<\/p>\n<p>Diese Erkenntnis ist es, die in den letzten Jahren daf\u00fcr gesorgt hat, dass die alternative Bestattungsform der RuheForst GmbH in der Bev\u00f6lkerung mehr und mehr an Beliebtheit gewonnen<br \/>\nhat und es in Deutschland mittlerweile 75 dieser Ruhest\u00e4tten gibt. Seine letzte Ruhe in der Natur zu finden und so ein Teil des Waldes\/Waldbodens zu werden, ist eine Vorstellung, die viele Menschen fasziniert und ihnen inneren Frieden bringt. Dies soll nun auch in Marienthal (Eckartsberga\/Sachsen-Anhalt) passieren, wo RuheForst-Gesch\u00e4ftsleiter Jost Arnold j\u00fcngst einen weiteren Friedhof feierlich einweihen konnte. Es ist bereits der vierte Standort in diesem Bundesland.<\/p>\n<p>Seit 2018 stand Arnold dabei mit Waldbesitzer Dr. Feu\u00dfner und der Gemeinde im Kontakt, konnte \u2013 dank eines vertrauensvollen Verh\u00e4ltnisses \u2013 schnell in die Planungen gehen und den neuen RuheForst nun feierlich er\u00f6ffnen. Vor den Augen von B\u00fcrgermeisterin Marlis Vogel und zahlreichen geladenen G\u00e4sten, sprach Dr. Feu\u00dfner von den Vorteilen einer alternativen, individuellen und naturnahen Bestattungsform des neuen Standorts und auch dar\u00fcber, dass die Nachfrage in der Bev\u00f6lkerung nach solchen Alternativen immer gr\u00f6\u00dfer geworden ist. Au\u00dferdem bedankte sich der Waldbesitzer bei allen Beteiligten, die Anteil an der Er\u00f6ffnung der neuen Ruhest\u00e4tte hatten.<\/p>\n<p>Besonders bei den Mitarbeitern des Caritas-Behindertenwerk Burglandkreis, die Menschen mit Handicap eine Kurzarbeitsstelle geschaffen hatten.<br \/>\nB\u00fcrgermeisterin Marlis Vogelwies neben ihren Dankesworten darauf hin, dass es mit dem RuheForst nun eine weitere, alternative Bestattungsform, in einer wundersch\u00f6nen Umgebung in der<br \/>\nRegion um Eckartsberga g\u00e4be. Diese w\u00fcrde bereits sehr positiv von Teilen der Bev\u00f6lkerung angenommen, wie sie bei Spazierg\u00e4ngen im RuheForst und den dabei vor Ort entstehenden<br \/>\nGespr\u00e4chen feststellen konnte.<\/p>\n<p>Auch Jost Arnold selbst freute sich, \u00fcber die Er\u00f6ffnung eines weiteren RuheForst-Standortes in Sachsen-Anhalt und bedankte sich bei allen Helfern. Der Gesch\u00e4ftsleiter sprach dabei von seiner<br \/>\nVision, das Thema Tod in der Gesellschaft zum Gespr\u00e4chsthema zu machen. Was einst als Tabu galt, m\u00fcsse nun offener als zuvor kommuniziert und \u00fcberdacht werden. Durch die Er\u00f6ffnung der<br \/>\nneuen Ruhest\u00e4dte in Marienthal sieht man sich bei der RuheForst GmbH dort auf dem richtigen Weg.<\/p>\n<p>Abschlie\u00dfend segnete Pfarrerin Pl\u00f6ttner den neugeschaffenen Friedhof und \u00fcbergab den Bestattungsort damit als Ruhest\u00e4tte.<\/p>\n<p>Coronabedingt wurde der RuheForst Marienthal erst jetzt im Oktober 2021 offiziell er\u00f6ffnet. Er ist allerdings schon seit etwa einem Jahr im Betrieb und wird nach Aussagen der Beteiligten bereits gut angenommen.<\/p>\n<p><img loading=\"lazy\" decoding=\"async\" class=\"alignnone size-full wp-image-1008833\" src=\"https:\/\/www.ruheforst-deutschland.de\/marienthal\/wp-content\/uploads\/sites\/10\/2021\/10\/Bild-Eroeffnung-RuheForst-Mariental.jpg\" alt=\"\" width=\"1024\" height=\"682\"><\/p>\n<p><img loading=\"lazy\" decoding=\"async\" class=\"alignnone size-full wp-image-1008834\" src=\"https:\/\/www.ruheforst-deutschland.de\/marienthal\/wp-content\/uploads\/sites\/10\/2021\/10\/Bild-RuheForst-Mariental.jpg\" alt=\"\" width=\"1024\" height=\"682\"><\/p>\n","protected":false},"excerpt":{"rendered":"<p>Selten wird der Lebenszyklus vom Werden und Vergehen deutlicher als zur Herbstzeit. Bl\u00e4tter verf\u00e4rben sich, fallen von den B\u00e4umen und schaffen dadurch Platz f\u00fcr frische, neue Triebe im anstehenden Fr\u00fchling&#8230; <a class=\"read-more\" href=\"https:\/\/www.ruheforst-deutschland.de\/marienthal\/2021\/10\/10\/herbstidylle-im-ruheforst-marienthal\/\">Weiterlesen<\/a><\/p>\n","protected":false},"author":2,"featured_media":1959,"comment_status":"closed","ping_status":"open","sticky":false,"template":"","format":"standard","meta":{"site-sidebar-layout":"default","site-content-layout":"","ast-site-content-layout":"default","site-content-style":"default","site-sidebar-style":"default","ast-global-header-display":"","ast-banner-title-visibility":"","ast-main-header-display":"","ast-hfb-above-header-display":"","ast-hfb-below-header-display":"","ast-hfb-mobile-header-display":"","site-post-title":"","ast-breadcrumbs-content":"","ast-featured-img":"","footer-sml-layout":"","ast-disable-related-posts":"","theme-transparent-header-meta":"","adv-header-id-meta":"","stick-header-meta":"","header-above-stick-meta":"","header-main-stick-meta":"","header-below-stick-meta":"","astra-migrate-meta-layouts":"default","ast-page-background-enabled":"default","ast-page-background-meta":{"desktop":{"background-color":"var(--ast-global-color-4)","background-image":"","background-repeat":"repeat","background-position":"center center","background-size":"auto","background-attachment":"scroll","background-type":"","background-media":"","overlay-type":"","overlay-color":"","overlay-opacity":"","overlay-gradient":""},"tablet":{"background-color":"","background-image":"","background-repeat":"repeat","background-position":"center center","background-size":"auto","background-attachment":"scroll","background-type":"","background-media":"","overlay-type":"","overlay-color":"","overlay-opacity":"","overlay-gradient":""},"mobile":{"background-color":"","background-image":"","background-repeat":"repeat","background-position":"center center","background-size":"auto","background-attachment":"scroll","background-type":"","background-media":"","overlay-type":"","overlay-color":"","overlay-opacity":"","overlay-gradient":""}},"ast-content-background-meta":{"desktop":{"background-color":"var(--ast-global-color-5)","background-image":"","background-repeat":"repeat","background-position":"center center","background-size":"auto","background-attachment":"scroll","background-type":"","background-media":"","overlay-type":"","overlay-color":"","overlay-opacity":"","overlay-gradient":""},"tablet":{"background-color":"var(--ast-global-color-5)","background-image":"","background-repeat":"repeat","background-position":"center center","background-size":"auto","background-attachment":"scroll","background-type":"","background-media":"","overlay-type":"","overlay-color":"","overlay-opacity":"","overlay-gradient":""},"mobile":{"background-color":"var(--ast-global-color-5)","background-image":"","background-repeat":"repeat","background-position":"center center","background-size":"auto","background-attachment":"scroll","background-type":"","background-media":"","overlay-type":"","overlay-color":"","overlay-opacity":"","overlay-gradient":""}},"footnotes":""},"categories":[1],"tags":[],"class_list":["post-1960","post","type-post","status-publish","format-standard","has-post-thumbnail","hentry","category-news"],"_links":{"self":[{"href":"https:\/\/www.ruheforst-deutschland.de\/marienthal\/wp-json\/wp\/v2\/posts\/1960","targetHints":{"allow":["GET"]}}],"collection":[{"href":"https:\/\/www.ruheforst-deutschland.de\/marienthal\/wp-json\/wp\/v2\/posts"}],"about":[{"href":"https:\/\/www.ruheforst-deutschland.de\/marienthal\/wp-json\/wp\/v2\/types\/post"}],"author":[{"embeddable":true,"href":"https:\/\/www.ruheforst-deutschland.de\/marienthal\/wp-json\/wp\/v2\/users\/2"}],"replies":[{"embeddable":true,"href":"https:\/\/www.ruheforst-deutschland.de\/marienthal\/wp-json\/wp\/v2\/comments?post=1960"}],"version-history":[{"count":1,"href":"https:\/\/www.ruheforst-deutschland.de\/marienthal\/wp-json\/wp\/v2\/posts\/1960\/revisions"}],"predecessor-version":[{"id":2629,"href":"https:\/\/www.ruheforst-deutschland.de\/marienthal\/wp-json\/wp\/v2\/posts\/1960\/revisions\/2629"}],"wp:featuredmedia":[{"embeddable":true,"href":"https:\/\/www.ruheforst-deutschland.de\/marienthal\/wp-json\/"}],"wp:attachment":[{"href":"https:\/\/www.ruheforst-deutschland.de\/marienthal\/wp-json\/wp\/v2\/media?parent=1960"}],"wp:term":[{"taxonomy":"category","embeddable":true,"href":"https:\/\/www.ruheforst-deutschland.de\/marienthal\/wp-json\/wp\/v2\/categories?post=1960"},{"taxonomy":"post_tag","embeddable":true,"href":"https:\/\/www.ruheforst-deutschland.de\/marienthal\/wp-json\/wp\/v2\/tags?post=1960"}],"curies":[{"name":"wp","href":"https:\/\/api.w.org\/{rel}","templated":true}]}}