{"id":493,"date":"2024-09-17T09:39:00","date_gmt":"2024-09-17T07:39:00","guid":{"rendered":"https:\/\/www.ruheforst-deutschland.de\/rickenbach\/?p=493"},"modified":"2024-10-25T09:49:16","modified_gmt":"2024-10-25T07:49:16","slug":"ein-neuer-ruheforst-im-suedschwarzwald","status":"publish","type":"post","link":"https:\/\/www.ruheforst-deutschland.de\/rickenbach\/2024\/09\/17\/ein-neuer-ruheforst-im-suedschwarzwald\/","title":{"rendered":"Ein neuer RuheForst im S\u00fcdschwarzwald"},"content":{"rendered":"\n<p><strong>Erbach, 17. September 2024<\/strong><\/p>\n\n\n\n<p>Nun ist es auch in einem beschaulichen Wald im S\u00fcdschwarzwald m\u00f6glich den Platz f\u00fcr die letzte Ruhe zu finden. Der neue RuheForst liegt in einem Waldst\u00fcck zwischen Egg und Willaringen, in der Gemarkung der Gemeinde Rickenbach.<\/p>\n\n\n\n<p>Am vergangenen Samstag versammelten sich zahlreiche G\u00e4ste am Andachtsplatz im neuen \u201eRuheForst Rickenbach im S\u00fcdschwarzwald\u201c, welcher mit einer feierlichen Zeremonie, umrahmt mit Parforcehornkl\u00e4ngen der Jagdhornbl\u00e4ser Hotzenwald, eingeweiht wurde.<\/p>\n\n\n\n<p>Rickenbachs B\u00fcrgermeister Dietmar Z\u00e4pernick, merkte in seiner Ansprache an, dass \u201eW\u00e4lder f\u00fcr viele Menschen Sehnsuchtsorte sind, die sie sich auch als letzte Ruhest\u00e4tte w\u00fcnschen. Deshalb habe sich die Gemeinde Rickenbach die Frage gestellt, warum nicht auch im Wald bestatten. So sei man gemeinsam mit Freiherr von Sch\u00f6nau-Wehr auf die Idee gekommen, einen Bestattungswald einzurichten. Er betonte aber auch, dass der Bestattungswald kein Gegenentwurf zum traditionellen Dorffriedhof sei. Vielmehr biete er der Gemeinde nun eine weitere Bestattungsform, die allen offenstehe.<\/p>\n\n\n\n<p>Dem schloss sich Landrat Dr. Martin Kistler an. Er betonte, dass der Wald als Bestattungsort sehr gut geeignet sei, da er Ruhe, Frieden und Natur verbinde.Landrat Dr. Kistler weiter: Es wurde ein Ort geschaffen, an dem die W\u00fcrde des Gedenkens an die Verstorbenen gewahrt wird&#8220;. Damit mahnte er zu einem guten Umgang mit dem Tod und erinnerte an die Verg\u00e4nglichkeit des Lebens.<\/p>\n\n\n\n<p>Leopold Freiherr von Sch\u00f6nau-Wehr, Eigent\u00fcmer des Waldgrundst\u00fccks, auf dem sich der neue RuheForst befindet, dankte der Gemeinde f\u00fcr die Entscheidung, dem Bestattungswald zuzustimmen und ihn gemeinsam mit der RuheForst GmbH in Betrieb zu nehmen. Von Sch\u00f6nau-Wehr betonte in seiner Rede, dass der Wald neben den vielen guten Funktionen, die er f\u00fcr die Menschen bereith\u00e4lt, Heimat, Lebensraum und auch ein Ort der Erinnerung ist.<\/p>\n\n\n\n<p>Jost Arnold, Gesch\u00e4ftsf\u00fchrer der RuheForst GmbH, freute sich, den mittlerweile 8. RuheForst in Baden-W\u00fcrttemberg er\u00f6ffnen zu k\u00f6nnen.Er wies darauf hin, dass der derzeitige Wandel in der Bestattungskultur mit dem gesellschaftlichen Wandel der Familienstrukturen und der Lebenseinstellung der Menschen einhergehe und daher die Nachfrage nach Bestattungsm\u00f6glichkeiten im Wald stark gestiegen sei.<\/p>\n\n\n\n<p>Zum Abschluss seiner Ausf\u00fchrungen rezitierte er das Gedicht \u201eDer Wald\u201c von Georg Graf zu M\u00fcnster. Dieser beschreibt in seinem Gedicht den Wald als Kirche in der Natur, in der man Trost, Hoffnung und Liebe findet, genauso wie in einem Ruheforst in der heutigen Zeit.<\/p>\n\n\n\n<p>Diakon G\u00fcnter Kaiser von der r\u00f6misch-katholischen Kirchengemeinde Hotzenwald St.\u00a0Wendelinus pflichtete ihm in seinen Ausf\u00fchrungen bei. Anschlie\u00dfend segnete er in Vertretung des erkrankten Pfarrer Bernhard Stahlberger den neuen RuheForst.<\/p>\n","protected":false},"excerpt":{"rendered":"<p>Erbach, 17. September 2024 Nun ist es auch in einem beschaulichen Wald im S\u00fcdschwarzwald m\u00f6glich den Platz f\u00fcr die letzte Ruhe zu finden. Der neue RuheForst liegt in einem Waldst\u00fcck&#8230; <a class=\"read-more\" href=\"https:\/\/www.ruheforst-deutschland.de\/rickenbach\/2024\/09\/17\/ein-neuer-ruheforst-im-suedschwarzwald\/\">Weiterlesen<\/a><\/p>\n","protected":false},"author":4,"featured_media":491,"comment_status":"closed","ping_status":"open","sticky":false,"template":"","format":"standard","meta":{"site-sidebar-layout":"default","site-content-layout":"","ast-site-content-layout":"default","site-content-style":"default","site-sidebar-style":"default","ast-global-header-display":"","ast-banner-title-visibility":"","ast-main-header-display":"","ast-hfb-above-header-display":"","ast-hfb-below-header-display":"","ast-hfb-mobile-header-display":"","site-post-title":"","ast-breadcrumbs-content":"","ast-featured-img":"","footer-sml-layout":"","ast-disable-related-posts":"","theme-transparent-header-meta":"","adv-header-id-meta":"","stick-header-meta":"","header-above-stick-meta":"","header-main-stick-meta":"","header-below-stick-meta":"","astra-migrate-meta-layouts":"default","ast-page-background-enabled":"default","ast-page-background-meta":{"desktop":{"background-color":"var(--ast-global-color-4)","background-image":"","background-repeat":"repeat","background-position":"center center","background-size":"auto","background-attachment":"scroll","background-type":"","background-media":"","overlay-type":"","overlay-color":"","overlay-opacity":"","overlay-gradient":""},"tablet":{"background-color":"","background-image":"","background-repeat":"repeat","background-position":"center center","background-size":"auto","background-attachment":"scroll","background-type":"","background-media":"","overlay-type":"","overlay-color":"","overlay-opacity":"","overlay-gradient":""},"mobile":{"background-color":"","background-image":"","background-repeat":"repeat","background-position":"center center","background-size":"auto","background-attachment":"scroll","background-type":"","background-media":"","overlay-type":"","overlay-color":"","overlay-opacity":"","overlay-gradient":""}},"ast-content-background-meta":{"desktop":{"background-color":"var(--ast-global-color-5)","background-image":"","background-repeat":"repeat","background-position":"center center","background-size":"auto","background-attachment":"scroll","background-type":"","background-media":"","overlay-type":"","overlay-color":"","overlay-opacity":"","overlay-gradient":""},"tablet":{"background-color":"var(--ast-global-color-5)","background-image":"","background-repeat":"repeat","background-position":"center center","background-size":"auto","background-attachment":"scroll","background-type":"","background-media":"","overlay-type":"","overlay-color":"","overlay-opacity":"","overlay-gradient":""},"mobile":{"background-color":"var(--ast-global-color-5)","background-image":"","background-repeat":"repeat","background-position":"center center","background-size":"auto","background-attachment":"scroll","background-type":"","background-media":"","overlay-type":"","overlay-color":"","overlay-opacity":"","overlay-gradient":""}},"footnotes":""},"categories":[1],"tags":[],"class_list":["post-493","post","type-post","status-publish","format-standard","has-post-thumbnail","hentry","category-news"],"_links":{"self":[{"href":"https:\/\/www.ruheforst-deutschland.de\/rickenbach\/wp-json\/wp\/v2\/posts\/493","targetHints":{"allow":["GET"]}}],"collection":[{"href":"https:\/\/www.ruheforst-deutschland.de\/rickenbach\/wp-json\/wp\/v2\/posts"}],"about":[{"href":"https:\/\/www.ruheforst-deutschland.de\/rickenbach\/wp-json\/wp\/v2\/types\/post"}],"author":[{"embeddable":true,"href":"https:\/\/www.ruheforst-deutschland.de\/rickenbach\/wp-json\/wp\/v2\/users\/4"}],"replies":[{"embeddable":true,"href":"https:\/\/www.ruheforst-deutschland.de\/rickenbach\/wp-json\/wp\/v2\/comments?post=493"}],"version-history":[{"count":2,"href":"https:\/\/www.ruheforst-deutschland.de\/rickenbach\/wp-json\/wp\/v2\/posts\/493\/revisions"}],"predecessor-version":[{"id":495,"href":"https:\/\/www.ruheforst-deutschland.de\/rickenbach\/wp-json\/wp\/v2\/posts\/493\/revisions\/495"}],"wp:featuredmedia":[{"embeddable":true,"href":"https:\/\/www.ruheforst-deutschland.de\/rickenbach\/wp-json\/wp\/v2\/media\/491"}],"wp:attachment":[{"href":"https:\/\/www.ruheforst-deutschland.de\/rickenbach\/wp-json\/wp\/v2\/media?parent=493"}],"wp:term":[{"taxonomy":"category","embeddable":true,"href":"https:\/\/www.ruheforst-deutschland.de\/rickenbach\/wp-json\/wp\/v2\/categories?post=493"},{"taxonomy":"post_tag","embeddable":true,"href":"https:\/\/www.ruheforst-deutschland.de\/rickenbach\/wp-json\/wp\/v2\/tags?post=493"}],"curies":[{"name":"wp","href":"https:\/\/api.w.org\/{rel}","templated":true}]}}