{"id":1026,"date":"2012-07-07T13:21:41","date_gmt":"2012-07-07T11:21:41","guid":{"rendered":"http:\/\/www.wense-wingst.de\/2012\/07\/07\/07-07-2012-kommunikation-als-immer-wiederkehrendes-zentrales-thema\/"},"modified":"2025-06-11T12:05:52","modified_gmt":"2025-06-11T10:05:52","slug":"07-07-2012-kommunikation-als-immer-wiederkehrendes-zentrales-thema","status":"publish","type":"post","link":"https:\/\/www.ruheforst-deutschland.de\/wingst\/2012\/07\/07\/07-07-2012-kommunikation-als-immer-wiederkehrendes-zentrales-thema\/","title":{"rendered":"07.07.2012 \u2013 Kommunikation als immer wiederkehrendes zentrales Thema"},"content":{"rendered":"<p><strong>Nieders\u00e4chsisches RuheForst-Regionaltreffen will den Informationsfluss intensivieren<\/strong><\/p>\n<p><a href=\"http:\/\/www.ruheforst-deutschland.de\/wp-content\/uploads\/2012\/07\/img_3610.jpg\" rel=\"lightbox[1006475]\"><img loading=\"lazy\" decoding=\"async\" class=\"alignright size-medium wp-image-1004378\" src=\"http:\/\/www.wense-wingst.de\/wp-content\/uploads\/2015\/04\/img_3610-300x225.jpg\" alt=\"Img 3610-300x225 in \" width=\"300\" height=\"225\" \/><\/a>Die Kommunikation stand im Mittelpunkt des j\u00fcngsten regionalen Standorttreffens der RuheForst GmbH in Niedersachsen. Tagungsort war der Ruhe Forst S\u00fcdheide Feuersch\u00fctzenbostel. Dort betreute die RuheForst GmbH die Betriebsleiter bzw. Eigent\u00fcmer der nieders\u00e4chsischen RuheForste. Bei dem intensiven Gedankenaustausch behandelten die Teilnehmer der Gespr\u00e4che immer wieder die Frage, wie kann der Informationsfluss zu den Interessenten und interessierten Nutzern am RuheForst-Angebot weiter intensiviert und verbessert werden.<\/p>\n<p>Das gemeinsame Gespr\u00e4ch und der Erfahrungsaustausch unter Kollegen werde immer wichtiger. Darin waren sich alle Beteiligten auf dem nieders\u00e4chsischen Regionaltreffen einig. Besondere Bedeutung komme dabei neben einer intensiven Kontaktpflege auch einer kompetenten Au\u00dfendarstellung zu. Die Kommunikation mit Au\u00dfenstehenden, dazu geh\u00f6rten nicht zuletzt auch die Kontakte zu den Medien, sollte weiter intensiviert werden. Der Begriff \u201eKontakt-Pflege\u201d k\u00f6nne dabei im wahrsten Sinne des Wortes nicht eindringlich genug hervorgehoben werden.<\/p>\n<p><strong>An der Trauerbegleitung f\u00fchrt kein Weg vorbei<\/strong><\/p>\n<p>Beinahe t\u00e4glich m\u00fcssen sich die Verantwortlichen und Mitarbeiter der Ruhe Forst-Waldfriedh\u00f6fe den Fragen der Trauerbegleitung und der Trauerverarbeitung stellen. Auf diesem Wege obliegt es den Mitarbeitern, die Hinterbliebenen in ihrer Trauerarbeit zu unterst\u00fctzen und zu begleiten. Dass dies nicht immer eine leichte Aufgabe ist, das liegt auf der Hand.<\/p>\n<p>Die Gr\u00fcnde, warum heute Menschen die N\u00e4he zu einem RuheForst-Waldfriedhof suchen oder dort eine Bestattung planen, sind sehr unterschiedlicher Natur. Was aber immer eine Rolle spielt ist die N\u00e4he zur Natur. Gerade aus diesem Bewusstsein heraus entscheiden sich viele Menschen f\u00fcr eine Waldbestattung. Denn abgesehen vom langen Nutzungsrecht f\u00fcr die einzelne Grabstelle mit einer Zeitdauer von bis zu 99 Jahren ist es oftmals der Wegfall der Grabpflege, die zu diesem Schritt veranlasst. Denn h\u00e4ufig sind die einzelnen Familienmitglieder heutzutage in alle Winde verstreut. Dar\u00fcber hinaus wird aber immer wieder ins Feld gef\u00fchrt, dass es die besonders tr\u00f6stliche Atmosph\u00e4re ist, die man auf den Ruheforst-Waldfriedh\u00f6fen antrifft, die die Menschen in ihrem Entschluss wesentlich beeinflusst.<\/p>\n<p>Die M\u00f6glichkeiten betrieblicher Optimierung sowie steuerliche Fachfragen rundeten das Regionaltreffen schlie\u00dflich ab, ehe der Leiter des RuheForsts S\u00fcdseite, Hans-J\u00fcrgen von Harling, zu einem gemeinsamen Rundgang durch sein RuheForst-Areal einlud. Der Waldkauz, der auf diesem RuheForst \u201ewohnt\u201d und der bei vielen F\u00fchrungen \u00fcber das Gel\u00e4nde immer wieder gesehen werden kann, machte den Teilnehmern des j\u00fcngsten nieders\u00e4chsischen regionalen Standorttreffens aber diesmal leider nicht seine Aufwartung.<\/p>\n<p><!-- google_ad_section_end --><\/p>\n","protected":false},"excerpt":{"rendered":"<p>Nieders\u00e4chsisches RuheForst-Regionaltreffen will den Informationsfluss intensivieren Die Kommunikation stand im Mittelpunkt des j\u00fcngsten regionalen Standorttreffens der RuheForst GmbH in Niedersachsen. Tagungsort war der Ruhe Forst S\u00fcdheide Feuersch\u00fctzenbostel. Dort betreute die&#8230; <a class=\"read-more\" href=\"https:\/\/www.ruheforst-deutschland.de\/wingst\/2012\/07\/07\/07-07-2012-kommunikation-als-immer-wiederkehrendes-zentrales-thema\/\">Weiterlesen<\/a><\/p>\n","protected":false},"author":5,"featured_media":1027,"comment_status":"false","ping_status":"open","sticky":false,"template":"","format":"standard","meta":{"site-sidebar-layout":"default","site-content-layout":"","ast-site-content-layout":"default","site-content-style":"default","site-sidebar-style":"default","ast-global-header-display":"","ast-banner-title-visibility":"","ast-main-header-display":"","ast-hfb-above-header-display":"","ast-hfb-below-header-display":"","ast-hfb-mobile-header-display":"","site-post-title":"","ast-breadcrumbs-content":"","ast-featured-img":"","footer-sml-layout":"","ast-disable-related-posts":"","theme-transparent-header-meta":"","adv-header-id-meta":"","stick-header-meta":"","header-above-stick-meta":"","header-main-stick-meta":"","header-below-stick-meta":"","astra-migrate-meta-layouts":"default","ast-page-background-enabled":"default","ast-page-background-meta":{"desktop":{"background-color":"var(--ast-global-color-4)","background-image":"","background-repeat":"repeat","background-position":"center center","background-size":"auto","background-attachment":"scroll","background-type":"","background-media":"","overlay-type":"","overlay-color":"","overlay-opacity":"","overlay-gradient":""},"tablet":{"background-color":"","background-image":"","background-repeat":"repeat","background-position":"center center","background-size":"auto","background-attachment":"scroll","background-type":"","background-media":"","overlay-type":"","overlay-color":"","overlay-opacity":"","overlay-gradient":""},"mobile":{"background-color":"","background-image":"","background-repeat":"repeat","background-position":"center center","background-size":"auto","background-attachment":"scroll","background-type":"","background-media":"","overlay-type":"","overlay-color":"","overlay-opacity":"","overlay-gradient":""}},"ast-content-background-meta":{"desktop":{"background-color":"var(--ast-global-color-5)","background-image":"","background-repeat":"repeat","background-position":"center center","background-size":"auto","background-attachment":"scroll","background-type":"","background-media":"","overlay-type":"","overlay-color":"","overlay-opacity":"","overlay-gradient":""},"tablet":{"background-color":"var(--ast-global-color-5)","background-image":"","background-repeat":"repeat","background-position":"center center","background-size":"auto","background-attachment":"scroll","background-type":"","background-media":"","overlay-type":"","overlay-color":"","overlay-opacity":"","overlay-gradient":""},"mobile":{"background-color":"var(--ast-global-color-5)","background-image":"","background-repeat":"repeat","background-position":"center center","background-size":"auto","background-attachment":"scroll","background-type":"","background-media":"","overlay-type":"","overlay-color":"","overlay-opacity":"","overlay-gradient":""}},"footnotes":""},"categories":[1],"tags":[],"class_list":["post-1026","post","type-post","status-publish","format-standard","has-post-thumbnail","hentry","category-news"],"_links":{"self":[{"href":"https:\/\/www.ruheforst-deutschland.de\/wingst\/wp-json\/wp\/v2\/posts\/1026","targetHints":{"allow":["GET"]}}],"collection":[{"href":"https:\/\/www.ruheforst-deutschland.de\/wingst\/wp-json\/wp\/v2\/posts"}],"about":[{"href":"https:\/\/www.ruheforst-deutschland.de\/wingst\/wp-json\/wp\/v2\/types\/post"}],"author":[{"embeddable":true,"href":"https:\/\/www.ruheforst-deutschland.de\/wingst\/wp-json\/wp\/v2\/users\/5"}],"replies":[{"embeddable":true,"href":"https:\/\/www.ruheforst-deutschland.de\/wingst\/wp-json\/wp\/v2\/comments?post=1026"}],"version-history":[{"count":1,"href":"https:\/\/www.ruheforst-deutschland.de\/wingst\/wp-json\/wp\/v2\/posts\/1026\/revisions"}],"predecessor-version":[{"id":2115,"href":"https:\/\/www.ruheforst-deutschland.de\/wingst\/wp-json\/wp\/v2\/posts\/1026\/revisions\/2115"}],"wp:featuredmedia":[{"embeddable":true,"href":"https:\/\/www.ruheforst-deutschland.de\/wingst\/wp-json\/"}],"wp:attachment":[{"href":"https:\/\/www.ruheforst-deutschland.de\/wingst\/wp-json\/wp\/v2\/media?parent=1026"}],"wp:term":[{"taxonomy":"category","embeddable":true,"href":"https:\/\/www.ruheforst-deutschland.de\/wingst\/wp-json\/wp\/v2\/categories?post=1026"},{"taxonomy":"post_tag","embeddable":true,"href":"https:\/\/www.ruheforst-deutschland.de\/wingst\/wp-json\/wp\/v2\/tags?post=1026"}],"curies":[{"name":"wp","href":"https:\/\/api.w.org\/{rel}","templated":true}]}}